{"id":1630,"date":"2024-05-08T10:21:56","date_gmt":"2024-05-08T08:21:56","guid":{"rendered":"http:\/\/solidarnosc80malopolska.pl\/?p=1630"},"modified":"2024-05-08T11:07:46","modified_gmt":"2024-05-08T09:07:46","slug":"swieto-konstytucji-3-maja-4","status":"publish","type":"post","link":"http:\/\/solidarnosc80malopolska.pl\/?p=1630","title":{"rendered":"\u015awi\u0119to Konstytucji 3 Maja"},"content":{"rendered":"<div class=\"fcbkbttn_buttons_block\" id=\"fcbkbttn_left\"><div class=\"fcbkbttn_like \"><fb:like href=\"http:\/\/solidarnosc80malopolska.pl\/?p=1630\" action=\"like\" colorscheme=\"light\" layout=\"button_count\"  size=\"small\"><\/fb:like><\/div><div class=\"fb-share-button  \" data-href=\"http:\/\/solidarnosc80malopolska.pl\/?p=1630\" data-type=\"button_count\" data-size=\"small\"><\/div><\/div>\n\t<span class=\"fbreplace\">\n\t<!-- FBML <div class=\"fb-like\" data-href=\"http:\/\/solidarnosc80malopolska.pl\/?p=1630\" data-send=\"true\" data-layout=\"standard\" data-width=\"450\" show_faces=\"false\" data-action=\"recommend\" data-font=\"\" style=\"margin: 0px 0px 0px 0px;\"><\/div> FBML -->\n\t<\/span>\n\t\n\n<p>W krakowskich uroczysto\u015bciach 233 rocznicy uchwalenia Konstytucji 3 Maja, udzia\u0142 wzi\u0119\u0142a Delegacja wraz z Pocztem Sztandarowym Zarz\u0105du Regionu naszej organizacji zwi\u0105zkowej.<\/p>\n\n\n\n<figure class=\"wp-block-gallery has-nested-images columns-default is-cropped wp-block-gallery-1 is-layout-flex wp-block-gallery-is-layout-flex\">\n<figure class=\"wp-block-image size-medium\"><a href=\"http:\/\/solidarnosc80malopolska.pl\/wp-content\/uploads\/2024\/05\/20240503_094345-scaled.jpg\"><img loading=\"lazy\" decoding=\"async\" width=\"300\" height=\"225\" data-id=\"1633\" src=\"http:\/\/solidarnosc80malopolska.pl\/wp-content\/uploads\/2024\/05\/20240503_094345-300x225.jpg\" alt=\"\" class=\"wp-image-1633\" srcset=\"http:\/\/solidarnosc80malopolska.pl\/wp-content\/uploads\/2024\/05\/20240503_094345-300x225.jpg 300w, http:\/\/solidarnosc80malopolska.pl\/wp-content\/uploads\/2024\/05\/20240503_094345-1024x768.jpg 1024w, http:\/\/solidarnosc80malopolska.pl\/wp-content\/uploads\/2024\/05\/20240503_094345-768x576.jpg 768w, http:\/\/solidarnosc80malopolska.pl\/wp-content\/uploads\/2024\/05\/20240503_094345-1536x1152.jpg 1536w, http:\/\/solidarnosc80malopolska.pl\/wp-content\/uploads\/2024\/05\/20240503_094345-2048x1536.jpg 2048w, http:\/\/solidarnosc80malopolska.pl\/wp-content\/uploads\/2024\/05\/20240503_094345-400x300.jpg 400w\" sizes=\"auto, (max-width: 300px) 100vw, 300px\" \/><\/a><\/figure>\n\n\n\n<figure class=\"wp-block-image size-medium\"><a href=\"http:\/\/solidarnosc80malopolska.pl\/wp-content\/uploads\/2024\/05\/20240503_094403-scaled.jpg\"><img loading=\"lazy\" decoding=\"async\" width=\"274\" height=\"300\" data-id=\"1632\" src=\"http:\/\/solidarnosc80malopolska.pl\/wp-content\/uploads\/2024\/05\/20240503_094403-274x300.jpg\" alt=\"\" class=\"wp-image-1632\" srcset=\"http:\/\/solidarnosc80malopolska.pl\/wp-content\/uploads\/2024\/05\/20240503_094403-274x300.jpg 274w, http:\/\/solidarnosc80malopolska.pl\/wp-content\/uploads\/2024\/05\/20240503_094403-934x1024.jpg 934w, http:\/\/solidarnosc80malopolska.pl\/wp-content\/uploads\/2024\/05\/20240503_094403-768x842.jpg 768w, http:\/\/solidarnosc80malopolska.pl\/wp-content\/uploads\/2024\/05\/20240503_094403-1400x1536.jpg 1400w, http:\/\/solidarnosc80malopolska.pl\/wp-content\/uploads\/2024\/05\/20240503_094403-1867x2048.jpg 1867w\" sizes=\"auto, (max-width: 274px) 100vw, 274px\" \/><\/a><\/figure>\n\n\n\n<figure class=\"wp-block-image size-full\"><a href=\"http:\/\/solidarnosc80malopolska.pl\/wp-content\/uploads\/2024\/05\/FB_IMG_1714934681151.jpg\"><img loading=\"lazy\" decoding=\"async\" width=\"517\" height=\"485\" data-id=\"1631\" src=\"http:\/\/solidarnosc80malopolska.pl\/wp-content\/uploads\/2024\/05\/FB_IMG_1714934681151.jpg\" alt=\"\" class=\"wp-image-1631\" srcset=\"http:\/\/solidarnosc80malopolska.pl\/wp-content\/uploads\/2024\/05\/FB_IMG_1714934681151.jpg 517w, http:\/\/solidarnosc80malopolska.pl\/wp-content\/uploads\/2024\/05\/FB_IMG_1714934681151-300x281.jpg 300w, http:\/\/solidarnosc80malopolska.pl\/wp-content\/uploads\/2024\/05\/FB_IMG_1714934681151-320x300.jpg 320w\" sizes=\"auto, (max-width: 517px) 100vw, 517px\" \/><\/a><\/figure>\n<\/figure>\n","protected":false},"excerpt":{"rendered":"<div class=\"fcbkbttn_buttons_block\" id=\"fcbkbttn_left\"><div class=\"fcbkbttn_like \"><fb:like href=\"http:\/\/solidarnosc80malopolska.pl\/?p=1630\" action=\"like\" colorscheme=\"light\" layout=\"button_count\"  size=\"small\"><\/fb:like><\/div><div class=\"fb-share-button  \" data-href=\"http:\/\/solidarnosc80malopolska.pl\/?p=1630\" data-type=\"button_count\" data-size=\"small\"><\/div><\/div><p>W krakowskich uroczysto\u015bciach 233 rocznicy uchwalenia Konstytucji 3 Maja, udzia\u0142 wzi\u0119\u0142a Delegacja wraz z Pocztem Sztandarowym Zarz\u0105du Regionu naszej organizacji zwi\u0105zkowej. &hellip; <a class=\"more-link\" href=\"http:\/\/solidarnosc80malopolska.pl\/?p=1630\">Czytaj dalej <span class=\"meta-nav\">&rarr;<\/span><\/a><\/p>\n","protected":false},"author":1,"featured_media":0,"comment_status":"closed","ping_status":"closed","sticky":false,"template":"","format":"standard","meta":{"pgc_sgb_lightbox_settings":"","footnotes":""},"categories":[7],"tags":[],"class_list":["post-1630","post","type-post","status-publish","format-standard","hentry","category-solidarnosc-80-malopolska"],"_links":{"self":[{"href":"http:\/\/solidarnosc80malopolska.pl\/index.php?rest_route=\/wp\/v2\/posts\/1630","targetHints":{"allow":["GET"]}}],"collection":[{"href":"http:\/\/solidarnosc80malopolska.pl\/index.php?rest_route=\/wp\/v2\/posts"}],"about":[{"href":"http:\/\/solidarnosc80malopolska.pl\/index.php?rest_route=\/wp\/v2\/types\/post"}],"author":[{"embeddable":true,"href":"http:\/\/solidarnosc80malopolska.pl\/index.php?rest_route=\/wp\/v2\/users\/1"}],"replies":[{"embeddable":true,"href":"http:\/\/solidarnosc80malopolska.pl\/index.php?rest_route=%2Fwp%2Fv2%2Fcomments&post=1630"}],"version-history":[{"count":7,"href":"http:\/\/solidarnosc80malopolska.pl\/index.php?rest_route=\/wp\/v2\/posts\/1630\/revisions"}],"predecessor-version":[{"id":1665,"href":"http:\/\/solidarnosc80malopolska.pl\/index.php?rest_route=\/wp\/v2\/posts\/1630\/revisions\/1665"}],"wp:attachment":[{"href":"http:\/\/solidarnosc80malopolska.pl\/index.php?rest_route=%2Fwp%2Fv2%2Fmedia&parent=1630"}],"wp:term":[{"taxonomy":"category","embeddable":true,"href":"http:\/\/solidarnosc80malopolska.pl\/index.php?rest_route=%2Fwp%2Fv2%2Fcategories&post=1630"},{"taxonomy":"post_tag","embeddable":true,"href":"http:\/\/solidarnosc80malopolska.pl\/index.php?rest_route=%2Fwp%2Fv2%2Ftags&post=1630"}],"curies":[{"name":"wp","href":"https:\/\/api.w.org\/{rel}","templated":true}]}}