{"id":884,"date":"2016-03-06T01:08:58","date_gmt":"2016-03-06T00:08:58","guid":{"rendered":"http:\/\/solidarnosc80malopolska.pl\/?p=884"},"modified":"2016-03-06T01:21:15","modified_gmt":"2016-03-06T00:21:15","slug":"odsloniecie-tablic-poswieconych-zolnierzom-wykletym-morawica-5-marca-2016","status":"publish","type":"post","link":"http:\/\/solidarnosc80malopolska.pl\/?p=884","title":{"rendered":"Ods\u0142oni\u0119cie tablic po\u015bwi\u0119conych \u017bo\u0142nierzom Wykl\u0119tym-Morawica 5 marca 2016"},"content":{"rendered":"<div class=\"fcbkbttn_buttons_block\" id=\"fcbkbttn_left\"><div class=\"fcbkbttn_like \"><fb:like href=\"http:\/\/solidarnosc80malopolska.pl\/?p=884\" action=\"like\" colorscheme=\"light\" layout=\"button_count\"  size=\"small\"><\/fb:like><\/div><div class=\"fb-share-button  \" data-href=\"http:\/\/solidarnosc80malopolska.pl\/?p=884\" data-type=\"button_count\" data-size=\"small\"><\/div><\/div>\n\t<span class=\"fbreplace\">\n\t<!-- FBML <div class=\"fb-like\" data-href=\"http:\/\/solidarnosc80malopolska.pl\/?p=884\" data-send=\"true\" data-layout=\"standard\" data-width=\"450\" show_faces=\"false\" data-action=\"recommend\" data-font=\"\" style=\"margin: 0px 0px 0px 0px;\"><\/div> FBML -->\n\t<\/span>\n\t\n<p style=\"text-align: left;\">W Morawicy (k.Krakowa),przy ko\u015bciele \u015bwi\u0119tego Bart\u0142omieja powstaje pomnik &#8222;Niez\u0142omnym-Ojczyzna&#8221;.<\/p>\n<p style=\"text-align: left;\"><a href=\"http:\/\/solidarnosc80malopolska.pl\/wp-content\/uploads\/2016\/03\/1.jpg\" rel=\"attachment wp-att-885\"><img loading=\"lazy\" decoding=\"async\" class=\"size-large wp-image-885 alignleft\" src=\"http:\/\/solidarnosc80malopolska.pl\/wp-content\/uploads\/2016\/03\/1-1024x692.jpg\" alt=\"1\" width=\"940\" height=\"635\" srcset=\"http:\/\/solidarnosc80malopolska.pl\/wp-content\/uploads\/2016\/03\/1-1024x692.jpg 1024w, http:\/\/solidarnosc80malopolska.pl\/wp-content\/uploads\/2016\/03\/1-300x203.jpg 300w, http:\/\/solidarnosc80malopolska.pl\/wp-content\/uploads\/2016\/03\/1-768x519.jpg 768w, http:\/\/solidarnosc80malopolska.pl\/wp-content\/uploads\/2016\/03\/1-444x300.jpg 444w, http:\/\/solidarnosc80malopolska.pl\/wp-content\/uploads\/2016\/03\/1.jpg 1646w\" sizes=\"auto, (max-width: 940px) 100vw, 940px\" \/><\/a><\/p>\n<p style=\"text-align: center;\">5 marca 2016 roku ods\u0142oni\u0119to tablice z nazwiskami \u017bo\u0142nierzy Wykl\u0119tych walcz\u0105cych na terenie dawnych wojew\u00f3dztw:krakowskiego,katowickiego,kieleckiego,lubelskiego,rzeszowskiego.<\/p>\n<p style=\"text-align: center;\">\u017bo\u0142nierze stawiali op\u00f3r sowietyzacji Polski w latach 1944-63.Wielu z nich,za wierno\u015b\u0107 Ojczy\u017anie, zap\u0142aci\u0142o najwy\u017csz\u0105 cen\u0119,oddaj\u0105c w\u0142asne \u017cycie&#8230;<\/p>\n<p style=\"text-align: center;\">W pomnik wmurowano tez, kamienie z mur\u00f3w wi\u0119zie\u0144 w kt\u00f3rych byli przetrzymywani.<\/p>\n<p style=\"text-align: center;\">Inicjatorem budowy pomnika na Polskiej G\u00f3rze Przemienienia,jak nazwano wzniesienie obok ko\u015bcio\u0142a,jest proboszcz tej parafii ks.W\u0142adys\u0142aw Palmowski,dawny kapelan podziemnej Solidarno\u015bci w Nowej Hucie.<\/p>\n<p style=\"text-align: center;\">Na zaproszenie w\/w ks.proboszcza,udzia\u0142 w tych uroczysto\u015bciach wzi\u0119\u0142a delegacja naszego zwi\u0105zku wraz z pocztem sztandarowym.<\/p>\n\n\t\t<style type=\"text\/css\">\n\t\t\t#gallery-1 {\n\t\t\t\tmargin: auto;\n\t\t\t}\n\t\t\t#gallery-1 .gallery-item {\n\t\t\t\tfloat: left;\n\t\t\t\tmargin-top: 10px;\n\t\t\t\ttext-align: center;\n\t\t\t\twidth: 33%;\n\t\t\t}\n\t\t\t#gallery-1 img {\n\t\t\t\tborder: 2px solid #cfcfcf;\n\t\t\t}\n\t\t\t#gallery-1 .gallery-caption {\n\t\t\t\tmargin-left: 0;\n\t\t\t}\n\t\t\t\/* see gallery_shortcode() in wp-includes\/media.php *\/\n\t\t<\/style>\n\t\t<div id='gallery-1' class='gallery galleryid-884 gallery-columns-3 gallery-size-thumbnail'><dl class='gallery-item'>\n\t\t\t<dt class='gallery-icon landscape'>\n\t\t\t\t<a href='http:\/\/solidarnosc80malopolska.pl\/wp-content\/uploads\/2016\/03\/100_4112.jpg'><img loading=\"lazy\" decoding=\"async\" width=\"150\" height=\"150\" src=\"http:\/\/solidarnosc80malopolska.pl\/wp-content\/uploads\/2016\/03\/100_4112-150x150.jpg\" class=\"attachment-thumbnail size-thumbnail\" alt=\"\" \/><\/a>\n\t\t\t<\/dt><\/dl><dl class='gallery-item'>\n\t\t\t<dt class='gallery-icon landscape'>\n\t\t\t\t<a href='http:\/\/solidarnosc80malopolska.pl\/wp-content\/uploads\/2016\/03\/100_4117.jpg'><img loading=\"lazy\" decoding=\"async\" width=\"150\" height=\"150\" src=\"http:\/\/solidarnosc80malopolska.pl\/wp-content\/uploads\/2016\/03\/100_4117-150x150.jpg\" class=\"attachment-thumbnail size-thumbnail\" alt=\"\" \/><\/a>\n\t\t\t<\/dt><\/dl><dl class='gallery-item'>\n\t\t\t<dt class='gallery-icon landscape'>\n\t\t\t\t<a href='http:\/\/solidarnosc80malopolska.pl\/wp-content\/uploads\/2016\/03\/100_4121.jpg'><img loading=\"lazy\" decoding=\"async\" width=\"150\" height=\"150\" src=\"http:\/\/solidarnosc80malopolska.pl\/wp-content\/uploads\/2016\/03\/100_4121-150x150.jpg\" class=\"attachment-thumbnail size-thumbnail\" alt=\"\" \/><\/a>\n\t\t\t<\/dt><\/dl><br style=\"clear: both\" \/><dl class='gallery-item'>\n\t\t\t<dt class='gallery-icon landscape'>\n\t\t\t\t<a href='http:\/\/solidarnosc80malopolska.pl\/wp-content\/uploads\/2016\/03\/100_4125.jpg'><img loading=\"lazy\" decoding=\"async\" width=\"150\" height=\"150\" src=\"http:\/\/solidarnosc80malopolska.pl\/wp-content\/uploads\/2016\/03\/100_4125-150x150.jpg\" class=\"attachment-thumbnail size-thumbnail\" alt=\"\" \/><\/a>\n\t\t\t<\/dt><\/dl><dl class='gallery-item'>\n\t\t\t<dt class='gallery-icon landscape'>\n\t\t\t\t<a href='http:\/\/solidarnosc80malopolska.pl\/wp-content\/uploads\/2016\/03\/100_4127.jpg'><img loading=\"lazy\" decoding=\"async\" width=\"150\" height=\"150\" src=\"http:\/\/solidarnosc80malopolska.pl\/wp-content\/uploads\/2016\/03\/100_4127-150x150.jpg\" class=\"attachment-thumbnail size-thumbnail\" alt=\"\" \/><\/a>\n\t\t\t<\/dt><\/dl><dl class='gallery-item'>\n\t\t\t<dt class='gallery-icon landscape'>\n\t\t\t\t<a href='http:\/\/solidarnosc80malopolska.pl\/wp-content\/uploads\/2016\/03\/100_4128.jpg'><img loading=\"lazy\" decoding=\"async\" width=\"150\" height=\"150\" src=\"http:\/\/solidarnosc80malopolska.pl\/wp-content\/uploads\/2016\/03\/100_4128-150x150.jpg\" class=\"attachment-thumbnail size-thumbnail\" alt=\"\" \/><\/a>\n\t\t\t<\/dt><\/dl><br style=\"clear: both\" \/><dl class='gallery-item'>\n\t\t\t<dt class='gallery-icon landscape'>\n\t\t\t\t<a href='http:\/\/solidarnosc80malopolska.pl\/wp-content\/uploads\/2016\/03\/204044_2ZmO_IMG_2162_4.jpg'><img loading=\"lazy\" decoding=\"async\" width=\"150\" height=\"150\" src=\"http:\/\/solidarnosc80malopolska.pl\/wp-content\/uploads\/2016\/03\/204044_2ZmO_IMG_2162_4-150x150.jpg\" class=\"attachment-thumbnail size-thumbnail\" alt=\"\" \/><\/a>\n\t\t\t<\/dt><\/dl><dl class='gallery-item'>\n\t\t\t<dt class='gallery-icon landscape'>\n\t\t\t\t<a href='http:\/\/solidarnosc80malopolska.pl\/wp-content\/uploads\/2016\/03\/100_4129.jpg'><img loading=\"lazy\" decoding=\"async\" width=\"150\" height=\"150\" src=\"http:\/\/solidarnosc80malopolska.pl\/wp-content\/uploads\/2016\/03\/100_4129-150x150.jpg\" class=\"attachment-thumbnail size-thumbnail\" alt=\"\" \/><\/a>\n\t\t\t<\/dt><\/dl><dl class='gallery-item'>\n\t\t\t<dt class='gallery-icon landscape'>\n\t\t\t\t<a href='http:\/\/solidarnosc80malopolska.pl\/wp-content\/uploads\/2016\/03\/100_4130.jpg'><img loading=\"lazy\" decoding=\"async\" width=\"150\" height=\"150\" src=\"http:\/\/solidarnosc80malopolska.pl\/wp-content\/uploads\/2016\/03\/100_4130-150x150.jpg\" class=\"attachment-thumbnail size-thumbnail\" alt=\"\" \/><\/a>\n\t\t\t<\/dt><\/dl><br style=\"clear: both\" \/>\n\t\t<\/div>\n\n<p style=\"text-align: center;\">Wi\u0119cej informacji na stronie Parafii \u015aw.Bart\u0142omieja w Morawicy:<\/p>\n<p><a href=\"http:\/\/www.morawica.net\/index.php\/34-ogloszenia\/wzgorze-pamieci\/158-niezlomni-w-morawicy\">http:\/\/www.morawica.net\/index.php\/34-ogloszenia\/wzgorze-pamieci\/158-niezlomni-w-morawicy<\/a><\/p>\n","protected":false},"excerpt":{"rendered":"<div class=\"fcbkbttn_buttons_block\" id=\"fcbkbttn_left\"><div class=\"fcbkbttn_like \"><fb:like href=\"http:\/\/solidarnosc80malopolska.pl\/?p=884\" action=\"like\" colorscheme=\"light\" layout=\"button_count\"  size=\"small\"><\/fb:like><\/div><div class=\"fb-share-button  \" data-href=\"http:\/\/solidarnosc80malopolska.pl\/?p=884\" data-type=\"button_count\" data-size=\"small\"><\/div><\/div><p>W Morawicy (k.Krakowa),przy ko\u015bciele \u015bwi\u0119tego Bart\u0142omieja powstaje pomnik &#8222;Niez\u0142omnym-Ojczyzna&#8221;. 5 marca 2016 roku ods\u0142oni\u0119to tablice z nazwiskami \u017bo\u0142nierzy Wykl\u0119tych walcz\u0105cych na terenie dawnych wojew\u00f3dztw:krakowskiego,katowickiego,kieleckiego,lubelskiego,rzeszowskiego. \u017bo\u0142nierze stawiali op\u00f3r sowietyzacji Polski w latach 1944-63.Wielu z nich,za wierno\u015b\u0107 Ojczy\u017anie, zap\u0142aci\u0142o najwy\u017csz\u0105 cen\u0119,oddaj\u0105c w\u0142asne &hellip; <a class=\"more-link\" href=\"http:\/\/solidarnosc80malopolska.pl\/?p=884\">Czytaj dalej <span class=\"meta-nav\">&rarr;<\/span><\/a><\/p>\n","protected":false},"author":1,"featured_media":0,"comment_status":"closed","ping_status":"closed","sticky":false,"template":"","format":"standard","meta":{"pgc_sgb_lightbox_settings":"","footnotes":""},"categories":[7],"tags":[],"class_list":["post-884","post","type-post","status-publish","format-standard","hentry","category-solidarnosc-80-malopolska"],"_links":{"self":[{"href":"http:\/\/solidarnosc80malopolska.pl\/index.php?rest_route=\/wp\/v2\/posts\/884","targetHints":{"allow":["GET"]}}],"collection":[{"href":"http:\/\/solidarnosc80malopolska.pl\/index.php?rest_route=\/wp\/v2\/posts"}],"about":[{"href":"http:\/\/solidarnosc80malopolska.pl\/index.php?rest_route=\/wp\/v2\/types\/post"}],"author":[{"embeddable":true,"href":"http:\/\/solidarnosc80malopolska.pl\/index.php?rest_route=\/wp\/v2\/users\/1"}],"replies":[{"embeddable":true,"href":"http:\/\/solidarnosc80malopolska.pl\/index.php?rest_route=%2Fwp%2Fv2%2Fcomments&post=884"}],"version-history":[{"count":5,"href":"http:\/\/solidarnosc80malopolska.pl\/index.php?rest_route=\/wp\/v2\/posts\/884\/revisions"}],"predecessor-version":[{"id":900,"href":"http:\/\/solidarnosc80malopolska.pl\/index.php?rest_route=\/wp\/v2\/posts\/884\/revisions\/900"}],"wp:attachment":[{"href":"http:\/\/solidarnosc80malopolska.pl\/index.php?rest_route=%2Fwp%2Fv2%2Fmedia&parent=884"}],"wp:term":[{"taxonomy":"category","embeddable":true,"href":"http:\/\/solidarnosc80malopolska.pl\/index.php?rest_route=%2Fwp%2Fv2%2Fcategories&post=884"},{"taxonomy":"post_tag","embeddable":true,"href":"http:\/\/solidarnosc80malopolska.pl\/index.php?rest_route=%2Fwp%2Fv2%2Ftags&post=884"}],"curies":[{"name":"wp","href":"https:\/\/api.w.org\/{rel}","templated":true}]}}