{"id":2126,"date":"2026-04-29T12:11:11","date_gmt":"2026-04-29T10:11:11","guid":{"rendered":"https:\/\/solidarnosc80malopolska.pl\/?p=2126"},"modified":"2026-04-30T07:43:02","modified_gmt":"2026-04-30T05:43:02","slug":"regionalny-walny-zjazd-delegatow-nszz-solidarnosc-80-malopolska","status":"publish","type":"post","link":"https:\/\/solidarnosc80malopolska.pl\/?p=2126","title":{"rendered":"Regionalny Walny Zjazd Delegat\u00f3w NSZZ Solidarno\u015b\u0107 &#8217;80 Ma\u0142opolska"},"content":{"rendered":"<div class=\"fcbkbttn_buttons_block\" id=\"fcbkbttn_left\"><div class=\"fcbkbttn_like \"><fb:like href=\"https:\/\/solidarnosc80malopolska.pl\/?p=2126\" action=\"like\" colorscheme=\"light\" layout=\"button_count\"  size=\"small\"><\/fb:like><\/div><div class=\"fb-share-button  \" data-href=\"https:\/\/solidarnosc80malopolska.pl\/?p=2126\" data-type=\"button_count\" data-size=\"small\"><\/div><\/div>\n\t<span class=\"fbreplace\">\n\t<!-- FBML <div class=\"fb-like\" data-href=\"https:\/\/solidarnosc80malopolska.pl\/?p=2126\" data-send=\"true\" data-layout=\"standard\" data-width=\"450\" show_faces=\"false\" data-action=\"recommend\" data-font=\"\" style=\"margin: 0px 0px 0px 0px;\"><\/div> FBML -->\n\t<\/span>\n\t\n\n<p>W dniu 20.04.2026 roku w Bukowinie Tatrza\u0144skiej, odby\u0142 si\u0119 Regionalny Zjazd Delegat\u00f3w NSZZ Solidarno\u015b\u0107 &#8217;80 Ma\u0142opolska. Podczas posiedzenia zatwierdzono uchwa\u0142ami Sprawozdanie Zarz\u0105du oraz Komisji Rewizyjnej. Przeprowadzono r\u00f3wnie\u017c wybory uzupe\u0142niaj\u0105ce na dwa wolne wakaty do Zarz\u0105du Regionu. W wyniku tajnego g\u0142osowania do pi\u0119tnastoosobowego sk\u0142adu Zarz\u0105du weszli: Piotr Ma\u015blanka oraz Edward Smole\u0144, obydwie osoby wywodz\u0105ce si\u0119 z Komisji Mi\u0119dzyzak\u0142adowej Can-Pack Brzesko.<\/p>\n\n\n\n<p>Dokonano r\u00f3wnie\u017c wybor\u00f3w uzupe\u0142niaj\u0105cych  na wolny wakat do sk\u0142adu Regionalnej Komisji Rewizyjnej, w tym wypadku poparcie Delegat\u00f3w uzyska\u0142 Zbigniew Majewski z Komisji Mi\u0119dzyzak\u0142adowej Saria.<\/p>\n\n\n\n<p>Na wolne wakaty jako rezerwowi Delegaci na Krajowy Zjazd zostali wybrani z Komisji Mi\u0119dzyzak\u0142adowej Can-Pack Brzesko: Edward Smole\u0144 oraz Mariusz Nalepka.<\/p>\n\n\n\n<p>Wszystkim nowo wybranym serdecznie gratulujemy.<\/p>\n\n\n\n<div class=\"wp-block-group\"><div class=\"wp-block-group__inner-container is-layout-constrained wp-block-group-is-layout-constrained\"><div class=\"pgc-sgb-cb wp-block-pgcsimplygalleryblock-masonry \" data-gallery-id=\"c2676775\"><div class=\"sgb-preloader\" id=\"pr_c2676775\">\n\t<div class=\"sgb-square\" style=\"background:#d4d4d4\"><\/div>\n\t<div class=\"sgb-square\" style=\"background:#d4d4d4\"><\/div>\n\t<div class=\"sgb-square\" style=\"background:#d4d4d4\"><\/div>\n\t<div class=\"sgb-square\" style=\"background:#d4d4d4\"><\/div><\/div><div class=\"simply-gallery-amp pgc_sgb_slider \"><noscript><div class=\"sgb-gallery\"><\/div><\/noscript><\/div><script type=\"application\/json\" class=\"sgb-data\">{\"galleryType\":\"pgc_sgb_masonry\",\"galleryId\":\"c2676775\",\"images\":[{\"url\":\"https:\/\/solidarnosc80malopolska.pl\/wp-content\/uploads\/2026\/04\/1000003994-1024x768.jpg\",\"id\":2127,\"alt\":\"\"},{\"url\":\"https:\/\/solidarnosc80malopolska.pl\/wp-content\/uploads\/2026\/04\/1000003997-1024x768.jpg\",\"id\":2130,\"alt\":\"\"},{\"url\":\"https:\/\/solidarnosc80malopolska.pl\/wp-content\/uploads\/2026\/04\/10000039933-1024x768.jpg\",\"id\":2129,\"alt\":\"\"},{\"url\":\"https:\/\/solidarnosc80malopolska.pl\/wp-content\/uploads\/2026\/04\/1000003991-768x1024.jpg\",\"id\":2128,\"alt\":\"\"}],\"itemsMetaDataCollection\":[]}<\/script><script>(function(){if(window.PGC_SGB && window.PGC_SGB.searcher){window.PGC_SGB.searcher.initBlocks()}})()<\/script><\/div><\/div><\/div>\n","protected":false},"excerpt":{"rendered":"<div class=\"fcbkbttn_buttons_block\" id=\"fcbkbttn_left\"><div class=\"fcbkbttn_like \"><fb:like href=\"https:\/\/solidarnosc80malopolska.pl\/?p=2126\" action=\"like\" colorscheme=\"light\" layout=\"button_count\"  size=\"small\"><\/fb:like><\/div><div class=\"fb-share-button  \" data-href=\"https:\/\/solidarnosc80malopolska.pl\/?p=2126\" data-type=\"button_count\" data-size=\"small\"><\/div><\/div><p>W dniu 20.04.2026 roku w Bukowinie Tatrza\u0144skiej, odby\u0142 si\u0119 Regionalny Zjazd Delegat\u00f3w NSZZ Solidarno\u015b\u0107 &#8217;80 Ma\u0142opolska. Podczas posiedzenia zatwierdzono uchwa\u0142ami Sprawozdanie Zarz\u0105du oraz Komisji Rewizyjnej. Przeprowadzono r\u00f3wnie\u017c wybory uzupe\u0142niaj\u0105ce na dwa wolne wakaty do Zarz\u0105du Regionu. W wyniku tajnego g\u0142osowania &hellip; <a class=\"more-link\" href=\"https:\/\/solidarnosc80malopolska.pl\/?p=2126\">Czytaj dalej <span class=\"meta-nav\">&rarr;<\/span><\/a><\/p>\n","protected":false},"author":1,"featured_media":0,"comment_status":"closed","ping_status":"closed","sticky":false,"template":"","format":"standard","meta":{"pgc_sgb_lightbox_settings":"","footnotes":""},"categories":[7],"tags":[],"class_list":["post-2126","post","type-post","status-publish","format-standard","hentry","category-solidarnosc-80-malopolska"],"_links":{"self":[{"href":"https:\/\/solidarnosc80malopolska.pl\/index.php?rest_route=\/wp\/v2\/posts\/2126","targetHints":{"allow":["GET"]}}],"collection":[{"href":"https:\/\/solidarnosc80malopolska.pl\/index.php?rest_route=\/wp\/v2\/posts"}],"about":[{"href":"https:\/\/solidarnosc80malopolska.pl\/index.php?rest_route=\/wp\/v2\/types\/post"}],"author":[{"embeddable":true,"href":"https:\/\/solidarnosc80malopolska.pl\/index.php?rest_route=\/wp\/v2\/users\/1"}],"replies":[{"embeddable":true,"href":"https:\/\/solidarnosc80malopolska.pl\/index.php?rest_route=%2Fwp%2Fv2%2Fcomments&post=2126"}],"version-history":[{"count":6,"href":"https:\/\/solidarnosc80malopolska.pl\/index.php?rest_route=\/wp\/v2\/posts\/2126\/revisions"}],"predecessor-version":[{"id":2139,"href":"https:\/\/solidarnosc80malopolska.pl\/index.php?rest_route=\/wp\/v2\/posts\/2126\/revisions\/2139"}],"wp:attachment":[{"href":"https:\/\/solidarnosc80malopolska.pl\/index.php?rest_route=%2Fwp%2Fv2%2Fmedia&parent=2126"}],"wp:term":[{"taxonomy":"category","embeddable":true,"href":"https:\/\/solidarnosc80malopolska.pl\/index.php?rest_route=%2Fwp%2Fv2%2Fcategories&post=2126"},{"taxonomy":"post_tag","embeddable":true,"href":"https:\/\/solidarnosc80malopolska.pl\/index.php?rest_route=%2Fwp%2Fv2%2Ftags&post=2126"}],"curies":[{"name":"wp","href":"https:\/\/api.w.org\/{rel}","templated":true}]}}